{"id":3678,"date":"2025-04-06T20:39:59","date_gmt":"2025-04-06T18:39:59","guid":{"rendered":"https:\/\/rebelcompany.be\/?p=3678"},"modified":"2025-05-26T17:09:17","modified_gmt":"2025-05-26T15:09:17","slug":"digitalisation-des-pme-entre-freins-doutes-et-opportunites","status":"publish","type":"post","link":"https:\/\/rebelcompany.be\/en\/digitalisation-des-pme-entre-freins-doutes-et-opportunites\/","title":{"rendered":"Digitalisation des PME : entre freins, doutes et opportunit\u00e9s"},"content":{"rendered":"<div data-elementor-type=\"wp-post\" data-elementor-id=\"3678\" class=\"elementor elementor-3678\" data-elementor-post-type=\"post\">\n\t\t\t\t<div class=\"elementor-element elementor-element-663e7dc e-flex e-con-boxed e-con e-parent\" data-id=\"663e7dc\" data-element_type=\"container\" data-e-type=\"container\">\n\t\t\t\t\t<div class=\"e-con-inner\">\n\t\t<div class=\"elementor-element elementor-element-fb75a33 e-con-full e-flex e-con e-child\" data-id=\"fb75a33\" data-element_type=\"container\" data-e-type=\"container\">\n\t\t\t\t<div class=\"elementor-element elementor-element-a651feb elementor-widget elementor-widget-text-editor\" data-id=\"a651feb\" data-element_type=\"widget\" data-e-type=\"widget\" data-widget_type=\"text-editor.default\">\n\t\t\t\t<div class=\"elementor-widget-container\">\n\t\t\t\t\t\t\t\t\t<p><span style=\"font-weight: 400;\">Se digitaliser, c\u2019est une \u00e9vidence aujourd\u2019hui. Pourtant, beaucoup d\u2019entreprises h\u00e9sitent encore par peur. Trop complexe, trop cher, trop chronophage, peu utile\u2026 Les barri\u00e8res psychologiques sont nombreuses. Certains dirigeants de PME pensent qu\u2019un site web est un luxe, d\u2019autres redoutent de perdre le contr\u00f4le ou d\u2019\u00eatre submerg\u00e9s par des outils trop techniques, qui ne leur apporteraient finalement que tr\u00e8s peu de b\u00e9n\u00e9fices, ou d\u2019autres se justifient encore que le bouche \u00e0 oreille est suffisant, que \u00e7a fonctionne comme \u00e7a depuis des ann\u00e9es. <\/span><\/p><p>Pourtant, bien men\u00e9e, la digitalisation devient un atout majeur pour chaque PME : elle renforce la visibilit\u00e9 et la cr\u00e9dibilit\u00e9, facilite la gestion et g\u00e9n\u00e8re des opportunit\u00e9s. Encore faut-il \u00e9viter certains pi\u00e8ges.<\/p><p><span style=\"font-weight: 400;\">Dans cet article, on vous montre les erreurs les plus fr\u00e9quentes dans la digitalisation des PME\u2026 et <\/span><strong>comment les \u00e9viter concr\u00e8tement. Mais surtout, on vous livre notre m\u00e9thode, nos astuces, et notre vision<\/strong><span style=\"font-weight: 400;\"> pour que cette transformation soit <\/span><b>r\u00e9aliste, simple et rentable<\/b><span style=\"font-weight: 400;\">.<\/span><\/p>\t\t\t\t\t\t\t\t<\/div>\n\t\t\t\t<\/div>\n\t\t\t\t<div class=\"elementor-element elementor-element-b5958fd elementor-widget-divider--view-line elementor-widget elementor-widget-divider\" data-id=\"b5958fd\" data-element_type=\"widget\" data-e-type=\"widget\" data-widget_type=\"divider.default\">\n\t\t\t\t<div class=\"elementor-widget-container\">\n\t\t\t\t\t\t\t<div class=\"elementor-divider\">\n\t\t\t<span class=\"elementor-divider-separator\">\n\t\t\t\t\t\t<\/span>\n\t\t<\/div>\n\t\t\t\t\t\t<\/div>\n\t\t\t\t<\/div>\n\t\t\t\t<div class=\"elementor-element elementor-element-621396e elementor-widget elementor-widget-heading\" data-id=\"621396e\" data-element_type=\"widget\" data-e-type=\"widget\" data-widget_type=\"heading.default\">\n\t\t\t\t<div class=\"elementor-widget-container\">\n\t\t\t\t\t<h6 class=\"elementor-heading-title elementor-size-default\">Quelles sont les erreurs \u00e0 \u00e9viter quand on digitalise une PME ?<\/h6>\t\t\t\t<\/div>\n\t\t\t\t<\/div>\n\t\t\t\t<div class=\"elementor-element elementor-element-b38c28c elementor-widget elementor-widget-text-editor\" data-id=\"b38c28c\" data-element_type=\"widget\" data-e-type=\"widget\" data-widget_type=\"text-editor.default\">\n\t\t\t\t<div class=\"elementor-widget-container\">\n\t\t\t\t\t\t\t\t\t<h4><b>\ud83d\udcc5 Se lancer sans strat\u00e9gie claire<\/b><\/h4><p><span style=\"font-weight: 400;\">Cr\u00e9er un site web ne suffit pas. \u00catre pr\u00e9sent en ligne, c\u2019est avant tout savoir <\/span><b>pourquoi<\/b><span style=\"font-weight: 400;\"> et <\/span><b>comment<\/b><span style=\"font-weight: 400;\">. Beaucoup d\u2019entreprises foncent sans plan pr\u00e9cis, pensant qu\u2019un site \u201cfera le travail tout seul\u201d. Mais un site sans direction, c\u2019est comme une boutique sans enseigne.<\/span><\/p><p><span style=\"font-weight: 400;\">Les bonnes questions \u00e0 se poser :<\/span><\/p><ul><li style=\"font-weight: 400;\" aria-level=\"1\"><span style=\"font-weight: 400;\">Quel est mon objectif principal ? (G\u00e9n\u00e9rer des ventes, accro\u00eetre sa notori\u00e9t\u00e9, automatiser des t\u00e2ches\u2026)<\/span><\/li><li style=\"font-weight: 400;\" aria-level=\"1\"><span style=\"font-weight: 400;\">Quels outils sont adapt\u00e9s \u00e0 mon activit\u00e9 et \u00e0 mes clients ?<\/span><\/li><li style=\"font-weight: 400;\" aria-level=\"1\"><span style=\"font-weight: 400;\">Quel budget allouer pour obtenir des r\u00e9sultats concrets ?<\/span><\/li><\/ul><p><span style=\"font-weight: 400;\">Sans vision claire, vous risquez d\u2019\u00e9parpiller vos efforts et de perdre du temps et de l\u2019argent sur des actions inefficaces.<\/span><\/p><h4><b>\ud83c\udf10 Un site web mal con\u00e7u ou inexistant<\/b><\/h4><p><span style=\"font-weight: 400;\">Votre site web, c\u2019est la vitrine de votre entreprise. Pourtant, trop d\u2019entrepreneurs repoussent sa cr\u00e9ation, pensant que cela demande un budget exorbitant ou des comp\u00e9tences techniques avanc\u00e9es. D\u2019autres font appel \u00e0 des plateformes automatis\u00e9es comme <\/span><b>Wix ou Shopify<\/b><span style=\"font-weight: 400;\">, pensant \u00e9conomiser, mais finissent avec un site impersonnel, mal optimis\u00e9 et peu engageant. \u00c0 chacun son travail !<\/span><\/p><ul><li style=\"font-weight: 400;\" aria-level=\"1\"><b>75 % des internautes jugent une entreprise sur son design web.<\/b><\/li><li style=\"font-weight: 400;\" aria-level=\"1\"><b>40 % quittent un site trop lent en quelques secondes.<\/b><\/li><li style=\"font-weight: 400;\" aria-level=\"1\"><b>Google privil\u00e9gie les sites responsives adapt\u00e9s aux mobiles.<\/b><\/li><\/ul><p><span style=\"font-weight: 400;\">Un site mal optimis\u00e9 ou inexistant freine votre cr\u00e9dibilit\u00e9 et vos <a href=\"https:\/\/jljdigital.com\/ameliorer-sa-presence-digitale\/\" target=\"blank_\">opportunit\u00e9s<\/a>. <\/span><b>Faire soi-m\u00eame peut sembler \u00e9conomique au d\u00e9part, mais si le site n&rsquo;est pas structur\u00e9 correctement, il devient un frein plut\u00f4t qu&rsquo;un levier.<\/b><\/p><h4><b>\u26a1 Sous-estimer le SEO : le risque d\u2019\u00eatre invisible<\/b><\/h4><p><span style=\"font-weight: 400;\">Un site web sans r\u00e9f\u00e9rencement, c\u2019est comme une boutique sans adresse. Trop d\u2019entreprises cr\u00e9ent un site\u2026 puis s\u2019\u00e9tonnent de ne pas avoir de visiteurs. Elles oublient un \u00e9l\u00e9ment cl\u00e9 : <\/span><b>Google ne met en avant que les sites optimis\u00e9s<\/b><span style=\"font-weight: 400;\"> et qui r\u00e9pondent aux questions que les gens se posent.\u00a0<\/span><\/p><ul><li style=\"font-weight: 400;\" aria-level=\"1\"><span style=\"font-weight: 400;\">Un site mal r\u00e9f\u00e9renc\u00e9 <\/span><b>n\u2019appara\u00eet jamais en premi\u00e8re page de Google<\/b><span style=\"font-weight: 400;\">.<\/span><\/li><li style=\"font-weight: 400;\" aria-level=\"1\"><span style=\"font-weight: 400;\">Un contenu sans optimisation SEO <\/span><b>n\u2019attire aucun trafic naturel<\/b><span style=\"font-weight: 400;\">.<\/span><\/li><li style=\"font-weight: 400;\" aria-level=\"1\"><span style=\"font-weight: 400;\">Sans mise \u00e0 jour r\u00e9guli\u00e8re, <\/span><b>Google consid\u00e8re votre site comme inactif<\/b><span style=\"font-weight: 400;\">.<\/span><\/li><\/ul><p><span style=\"font-weight: 400;\"><br \/>Travailler son SEO, c\u2019est assurer une visibilit\u00e9 durable, sans d\u00e9pendre uniquement de la publicit\u00e9 payante.<\/span><\/p><p><span style=\"font-weight: 400;\">Une astuce ? Ne n\u00e9gligez pas votre Google My Business\u2026 Il fait partie int\u00e9grante d\u2019un bon SEO. On en parle plus bas, c\u2019est cadeau.<\/span><\/p><h4><b>\ud83e\udd16 L\u2019illusion du tout automatis\u00e9<\/b><\/h4><p><span style=\"font-weight: 400;\">Avec l\u2019essor de l\u2019IA et des outils automatis\u00e9s, beaucoup pensent pouvoir g\u00e9rer leur digitalisation seuls. Chatbots, sites pr\u00e9con\u00e7us, r\u00e9dacteurs IA\u2026 Certes, ces technologies sont utiles, mais elles ne remplacent pas l\u2019expertise humaine. <\/span><b>L\u2019IA ne sait pas s\u2019adapter aux nuances de votre march\u00e9, ainsi qu\u2019aux variations de celui-ci, car il \u00e9volue constamment, aux \u00e9motions de vos clients et \u00e0 votre identit\u00e9 de marque.<\/b><\/p><ul><li style=\"font-weight: 400;\" aria-level=\"1\"><b>Un site g\u00e9n\u00e9r\u00e9 automatiquement peut manquer de personnalit\u00e9 et d\u2019efficacit\u00e9. Et une fois g\u00e9n\u00e9r\u00e9, il est souvent difficile \u00e0 mettre \u00e0 jour ou ajuster sans devoir repartir de z\u00e9ro. La gestion devient donc rigide, voire contre-productive, avec un outil, finalement qui limite votre croissance.<\/b><\/li><li style=\"font-weight: 400;\" aria-level=\"1\"><b>Une mauvaise configuration technique entra\u00eene des erreurs co\u00fbteuses.<\/b><\/li><li style=\"font-weight: 400;\" aria-level=\"1\"><b>L\u2019absence de conseils humains emp\u00eache une vraie strat\u00e9gie sur-mesure.<\/b><\/li><\/ul><p><span style=\"font-weight: 400;\"><br \/>Cr\u00e9er un site sans accompagnement humain, c\u2019est aussi prendre le risque de devoir tout recommencer quelques mois plus tard. Chez <\/span><b>Rebel Company,<\/b><span style=\"font-weight: 400;\">, nous avons fait le choix de l\u2019humain. <\/span><b>Nous travaillons en m\u00e9thode <a href=\"https:\/\/rebelcompany.be\/en\/la-methode-agile\/\" target=\"blank_\">Agile methodology<\/a><\/b><span style=\"font-weight: 400;\">, en nous adaptant en permanence aux besoins r\u00e9els des entrepreneurs, sans formatage ni solutions impersonnelles : <strong><a href=\"https:\/\/rebelcompany.be\/en\/packs\/\" target=\"blank_\">4 packs<\/a><\/strong>, 4 solutions, qui dit mieux ? Le prix ? \u00c0 partir de 29\u20ac. C\u2019est cadeau, \u00e7a aussi.<\/span><\/p><h4><b>\ud83d\udeab N\u00e9gliger votre Google My Business : un frein \u00e0 votre visibilit\u00e9<\/b><\/h4><p><span style=\"font-weight: 400;\">Lorsqu\u2019un client cherche un service, <\/span><b>il passe par Google et Google Maps<\/b><span style=\"font-weight: 400;\">.<\/span><\/p><p><span style=\"font-weight: 400;\">Votre fiche Google My Business (GMB) est <\/span><b>la premi\u00e8re chose qu\u2019il voit<\/b><span style=\"font-weight: 400;\">, et pourtant, beaucoup d\u2019entreprises la laissent incompl\u00e8te ou obsol\u00e8te.<\/span><\/p><ul><li style=\"font-weight: 400;\" aria-level=\"1\"><span style=\"font-weight: 400;\">Un GMB bien optimis\u00e9 <\/span><b>g\u00e9n\u00e8re 70 % de visites en plus sur un site<\/b><span style=\"font-weight: 400;\">.<\/span><\/li><li style=\"font-weight: 400;\" aria-level=\"1\"><span style=\"font-weight: 400;\">Une fiche compl\u00e8te vous rend <\/span><b>2,7 fois plus cr\u00e9dible aux yeux des visiteurs<\/b><span style=\"font-weight: 400;\">.<\/span><\/li><li style=\"font-weight: 400;\" aria-level=\"1\"><span style=\"font-weight: 400;\">R\u00e9pondre aux avis et actualiser ses horaires <\/span><b>influence directement la confiance des clients<\/b><span style=\"font-weight: 400;\">. Cela prouve aussi l\u2019engagement de l\u2019entreprise, sa capacit\u00e9 \u00e0 \u00e9couter ses clients, et son envie constante de s\u2019am\u00e9liorer, pour le meilleur ou pour le pire\u2026\u00a0<\/span><\/li><\/ul><p><span style=\"font-weight: 400;\"><br \/>Un GMB mal g\u00e9r\u00e9, c\u2019est une perte d\u2019opportunit\u00e9s \u00e9normes. <\/span><b>Pensez-y comme une vitrine num\u00e9rique qui rassure et engage vos prospects avant m\u00eame qu\u2019ils ne visitent votre site.<\/b><\/p>\t\t\t\t\t\t\t\t<\/div>\n\t\t\t\t<\/div>\n\t\t\t\t<div class=\"elementor-element elementor-element-1a23559 elementor-widget-divider--view-line elementor-widget elementor-widget-divider\" data-id=\"1a23559\" data-element_type=\"widget\" data-e-type=\"widget\" data-widget_type=\"divider.default\">\n\t\t\t\t<div class=\"elementor-widget-container\">\n\t\t\t\t\t\t\t<div class=\"elementor-divider\">\n\t\t\t<span class=\"elementor-divider-separator\">\n\t\t\t\t\t\t<\/span>\n\t\t<\/div>\n\t\t\t\t\t\t<\/div>\n\t\t\t\t<\/div>\n\t\t\t\t<div class=\"elementor-element elementor-element-4683f9d elementor-widget elementor-widget-heading\" data-id=\"4683f9d\" data-element_type=\"widget\" data-e-type=\"widget\" data-widget_type=\"heading.default\">\n\t\t\t\t<div class=\"elementor-widget-container\">\n\t\t\t\t\t<h6 class=\"elementor-heading-title elementor-size-default\">Pourquoi la digitalisation rat\u00e9e bloque la croissance de votre PME ?<\/h6>\t\t\t\t<\/div>\n\t\t\t\t<\/div>\n\t\t\t\t<div class=\"elementor-element elementor-element-5aff2c0 elementor-widget elementor-widget-text-editor\" data-id=\"5aff2c0\" data-element_type=\"widget\" data-e-type=\"widget\" data-widget_type=\"text-editor.default\">\n\t\t\t\t<div class=\"elementor-widget-container\">\n\t\t\t\t\t\t\t\t\t<ul><li style=\"font-weight: 400;\" aria-level=\"1\"><b>Moins de clients potentiels<\/b><span style=\"font-weight: 400;\"> : Un site mal con\u00e7u ou invisible r\u00e9duit votre chance d\u2019\u00eatre trouv\u00e9, forc\u00e9ment.<\/span><\/li><li style=\"font-weight: 400;\" aria-level=\"1\"><b>Manque de cr\u00e9dibilit\u00e9<\/b><span style=\"font-weight: 400;\"> : Une pr\u00e9sence en ligne n\u00e9glig\u00e9e donne une impression d\u2019amateurisme. Et ce n&rsquo;est certainement pas ce que vous souhaitez mettre en avant.<\/span><\/li><li style=\"font-weight: 400;\" aria-level=\"1\"><b>Un stress inutile<\/b><span style=\"font-weight: 400;\"> : Une digitalisation mal g\u00e9r\u00e9e devient une source de frustration au lieu d\u2019\u00eatre un levier de croissance.<\/span><\/li><li style=\"font-weight: 400;\" aria-level=\"1\"><b>La peur de d\u00e9l\u00e9guer<\/b><span style=\"font-weight: 400;\"> : Beaucoup d\u2019entrepreneurs veulent tout g\u00e9rer eux-m\u00eames, mais perdent un temps pr\u00e9cieux sur des t\u00e2ches qui ne sont pas leur c\u0153ur de m\u00e9tier.<\/span><\/li><li style=\"font-weight: 400;\" aria-level=\"1\"><b>Un faux sentiment d\u2019\u00e9conomie<\/b><span> : Ce qui semble moins cher au d\u00e9part (faire soi-m\u00eame, automatiser \u00e0 l\u2019extr\u00eame) finit souvent par co\u00fbter plus cher en corrections et en temps perdu. Mieux vaut le pr\u00e9voir, vous me remercierez.<\/span><\/li><\/ul>\t\t\t\t\t\t\t\t<\/div>\n\t\t\t\t<\/div>\n\t\t\t\t<div class=\"elementor-element elementor-element-4d1f3ea elementor-widget-divider--view-line elementor-widget elementor-widget-divider\" data-id=\"4d1f3ea\" data-element_type=\"widget\" data-e-type=\"widget\" data-widget_type=\"divider.default\">\n\t\t\t\t<div class=\"elementor-widget-container\">\n\t\t\t\t\t\t\t<div class=\"elementor-divider\">\n\t\t\t<span class=\"elementor-divider-separator\">\n\t\t\t\t\t\t<\/span>\n\t\t<\/div>\n\t\t\t\t\t\t<\/div>\n\t\t\t\t<\/div>\n\t\t\t\t<div class=\"elementor-element elementor-element-536ce68 elementor-widget elementor-widget-heading\" data-id=\"536ce68\" data-element_type=\"widget\" data-e-type=\"widget\" data-widget_type=\"heading.default\">\n\t\t\t\t<div class=\"elementor-widget-container\">\n\t\t\t\t\t<h6 class=\"elementor-heading-title elementor-size-default\">Comment r\u00e9ussir sa digitalisation sans se perdre ? La m\u00e9thode Rebel expliqu\u00e9e simplement<\/h6>\t\t\t\t<\/div>\n\t\t\t\t<\/div>\n\t\t\t\t<div class=\"elementor-element elementor-element-33183d6 elementor-widget elementor-widget-image\" data-id=\"33183d6\" data-element_type=\"widget\" data-e-type=\"widget\" data-widget_type=\"image.default\">\n\t\t\t\t<div class=\"elementor-widget-container\">\n\t\t\t\t\t\t\t\t\t\t\t\t\t\t\t<img fetchpriority=\"high\" decoding=\"async\" width=\"800\" height=\"534\" src=\"https:\/\/rebelcompany.be\/wp-content\/uploads\/2025\/04\/content-marketing-1024x683.png\" class=\"attachment-large size-large wp-image-3726\" alt=\"Dessin personnage digitalisation &amp; marketing\" srcset=\"https:\/\/rebelcompany.be\/wp-content\/uploads\/2025\/04\/content-marketing-1024x683.png 1024w, https:\/\/rebelcompany.be\/wp-content\/uploads\/2025\/04\/content-marketing-300x200.png 300w, https:\/\/rebelcompany.be\/wp-content\/uploads\/2025\/04\/content-marketing-768x512.png 768w, https:\/\/rebelcompany.be\/wp-content\/uploads\/2025\/04\/content-marketing-1536x1024.png 1536w, https:\/\/rebelcompany.be\/wp-content\/uploads\/2025\/04\/content-marketing-2048x1365.png 2048w, https:\/\/rebelcompany.be\/wp-content\/uploads\/2025\/04\/content-marketing-18x12.png 18w\" sizes=\"(max-width: 800px) 100vw, 800px\" \/>\t\t\t\t\t\t\t\t\t\t\t\t\t\t\t<\/div>\n\t\t\t\t<\/div>\n\t\t\t\t<div class=\"elementor-element elementor-element-662850f elementor-widget elementor-widget-text-editor\" data-id=\"662850f\" data-element_type=\"widget\" data-e-type=\"widget\" data-widget_type=\"text-editor.default\">\n\t\t\t\t<div class=\"elementor-widget-container\">\n\t\t\t\t\t\t\t\t\t<span style=\"font-weight: 400;\">Chez <\/span><b>Rebel Company,<\/b><span style=\"font-weight: 400;\">, on sait que digitaliser son entreprise peut sembler intimidant. Entre les prestataires trop chers, les projets fig\u00e9s d\u00e8s le d\u00e9part, les solutions trop complexes et la peur de perdre le contr\u00f4le, beaucoup h\u00e9sitent \u00e0 passer \u00e0 l\u2019action par peur des mauvaises surprises. Et on le comprend.<\/span>\n\n&nbsp;\n\n<b>C\u2019est pourquoi on a tout simplifi\u00e9 pour vous.<\/b>\n<ul>\n \t<li style=\"list-style-type: none;\">\n<ul>\n \t<li style=\"font-weight: 400;\" aria-level=\"1\"><span style=\"font-weight: 400;\">\ud83c\udfe0 <\/span><b>Un site web cl\u00e9 en main<\/b><span style=\"font-weight: 400;\">, con\u00e7u et optimis\u00e9 par nos soins.<\/span><\/li>\n \t<li style=\"font-weight: 400;\" aria-level=\"1\"><span style=\"font-weight: 400;\">\ud83d\udd0d <\/span><b>Une pr\u00e9sence en ligne optimis\u00e9e<\/b><span style=\"font-weight: 400;\">, avec un SEO et un Google My Business performants.<\/span><\/li>\n \t<li style=\"font-weight: 400;\" aria-level=\"1\"><span style=\"font-weight: 400;\">\ud83e\udd1d <\/span><b>Un accompagnement humain et \u00e9volutif<\/b><span style=\"font-weight: 400;\">, car chaque entreprise est unique. On avance chaque semaine, par petites \u00e9tapes, avec vous, pour coller \u00e0 vos attentes.<\/span><\/li>\n \t<li style=\"font-weight: 400;\" aria-level=\"1\"><span style=\"font-weight: 400;\">\ud83c\udfaf <\/span><b>Une flexibilit\u00e9 totale<\/b><span style=\"font-weight: 400;\">, sans engagement long terme ni mauvaises surprises. On ajuste en temps r\u00e9el, sans complications. Et un prix correspondant au pack, fix\u00e9 d\u00e8s le d\u00e9but.<\/span>Nous ne sommes pas une simple agence web. Nous sommes <b>le partenaire digital des entrepreneurs<\/b>, ceux qui veulent avancer sans se perdre dans la technique, sans exploser leur budget et sans renoncer \u00e0 la personnalisation.<b>Votre digitalisation doit \u00eatre un levier, pas un obstacle.<\/b><span style=\"font-weight: 400;\"> Parlons-en, et avan\u00e7ons ensemble.<\/span>&nbsp;\n\n<span style=\"font-weight: 400;\">B\u00e9n\u00e9ficiez d\u2019un audit GRATUIT <strong><a href=\"https:\/\/rebelcompany.be\/en\/votre-audit-gratuit\/\">here<\/a><\/strong>. <\/span><b>Un \u00e9change, une vision plus claire, et peut-\u00eatre le d\u00e9but, enfin, d&rsquo;un projet bien men\u00e9.<\/b><\/li>\n<\/ul>\n<\/li>\n<\/ul>\t\t\t\t\t\t\t\t<\/div>\n\t\t\t\t<\/div>\n\t\t\t\t<div class=\"elementor-element elementor-element-ea0b169 elementor-widget-divider--view-line elementor-widget elementor-widget-divider\" data-id=\"ea0b169\" data-element_type=\"widget\" data-e-type=\"widget\" data-widget_type=\"divider.default\">\n\t\t\t\t<div class=\"elementor-widget-container\">\n\t\t\t\t\t\t\t<div class=\"elementor-divider\">\n\t\t\t<span class=\"elementor-divider-separator\">\n\t\t\t\t\t\t<\/span>\n\t\t<\/div>\n\t\t\t\t\t\t<\/div>\n\t\t\t\t<\/div>\n\t\t\t\t<div class=\"elementor-element elementor-element-1c12fea elementor-widget elementor-widget-heading\" data-id=\"1c12fea\" data-element_type=\"widget\" data-e-type=\"widget\" data-widget_type=\"heading.default\">\n\t\t\t\t<div class=\"elementor-widget-container\">\n\t\t\t\t\t<h6 class=\"elementor-heading-title elementor-size-default\">Rebel Company - Your Partner for Successful Digital Projects<\/h6>\t\t\t\t<\/div>\n\t\t\t\t<\/div>\n\t\t\t\t<div class=\"elementor-element elementor-element-ab75a8b elementor-widget elementor-widget-text-editor\" data-id=\"ab75a8b\" data-element_type=\"widget\" data-e-type=\"widget\" data-widget_type=\"text-editor.default\">\n\t\t\t\t<div class=\"elementor-widget-container\">\n\t\t\t\t\t\t\t\t\t<p>Do you have an innovative idea? Do you dream of a project that fully reflects your ambitions?<\/p><p>Contact us today for a free consultation, and let\u2019s discover together how our agile approach and teams can make all the difference<\/p>\t\t\t\t\t\t\t\t<\/div>\n\t\t\t\t<\/div>\n\t\t\t\t<div class=\"elementor-element elementor-element-9ed4005 elementor-widget elementor-widget-button\" data-id=\"9ed4005\" data-element_type=\"widget\" data-e-type=\"widget\" data-widget_type=\"button.default\">\n\t\t\t\t<div class=\"elementor-widget-container\">\n\t\t\t\t\t\t\t\t\t<div class=\"elementor-button-wrapper\">\n\t\t\t\t\t<a class=\"elementor-button elementor-button-link elementor-size-sm\" href=\"https:\/\/rebelcompany.be\/en\/contact\/\">\n\t\t\t\t\t\t<span class=\"elementor-button-content-wrapper\">\n\t\t\t\t\t\t\t\t\t<span class=\"elementor-button-text\">Contact Us<\/span>\n\t\t\t\t\t<\/span>\n\t\t\t\t\t<\/a>\n\t\t\t\t<\/div>\n\t\t\t\t\t\t\t\t<\/div>\n\t\t\t\t<\/div>\n\t\t\t\t<\/div>\n\t\t\t\t\t<\/div>\n\t\t\t\t<\/div>\n\t\t\t\t<\/div>","protected":false},"excerpt":{"rendered":"<p>Se digitaliser, c\u2019est une \u00e9vidence aujourd\u2019hui. Pourtant, beaucoup d\u2019entreprises h\u00e9sitent encore par peur. Trop complexe, trop cher, trop chronophage, peu utile\u2026 Les barri\u00e8res psychologiques sont nombreuses. Certains dirigeants de PME pensent qu\u2019un site web est un luxe, d\u2019autres redoutent de perdre le contr\u00f4le ou d\u2019\u00eatre submerg\u00e9s par des outils trop techniques, qui ne leur apporteraient [&hellip;]<\/p>","protected":false},"author":4,"featured_media":3725,"comment_status":"closed","ping_status":"open","sticky":false,"template":"","format":"standard","meta":{"footnotes":""},"categories":[1,26],"tags":[],"class_list":["post-3678","post","type-post","status-publish","format-standard","has-post-thumbnail","hentry","category-digitalisation","category-pme"],"yoast_head":"<!-- This site is optimized with the Yoast SEO plugin v26.9 - https:\/\/yoast.com\/product\/yoast-seo-wordpress\/ -->\n<title>Digitalisation des PME : entre freins, doutes et opportunit\u00e9s<\/title>\n<meta name=\"description\" content=\"Trop de PME \u00e9chouent dans leur digitalisation par manque de strat\u00e9gie. D\u00e9couvrez nos conseils concrets pour r\u00e9ussir la v\u00f4tre.\" \/>\n<meta name=\"robots\" content=\"index, follow, max-snippet:-1, max-image-preview:large, max-video-preview:-1\" \/>\n<link rel=\"canonical\" href=\"https:\/\/rebelcompany.be\/en\/digitalisation-des-pme-entre-freins-doutes-et-opportunites\/\" \/>\n<meta property=\"og:locale\" content=\"en_GB\" \/>\n<meta property=\"og:type\" content=\"article\" \/>\n<meta property=\"og:title\" content=\"Digitalisation des PME : entre freins, doutes et opportunit\u00e9s\" \/>\n<meta property=\"og:description\" content=\"Trop de PME \u00e9chouent dans leur digitalisation par manque de strat\u00e9gie. D\u00e9couvrez nos conseils concrets pour r\u00e9ussir la v\u00f4tre.\" \/>\n<meta property=\"og:url\" content=\"https:\/\/rebelcompany.be\/en\/digitalisation-des-pme-entre-freins-doutes-et-opportunites\/\" \/>\n<meta property=\"og:site_name\" content=\"Rebel Company\" \/>\n<meta property=\"article:publisher\" content=\"https:\/\/www.facebook.com\/people\/Rebel-Company\/61565685296382\/\" \/>\n<meta property=\"article:published_time\" content=\"2025-04-06T18:39:59+00:00\" \/>\n<meta property=\"article:modified_time\" content=\"2025-05-26T15:09:17+00:00\" \/>\n<meta property=\"og:image\" content=\"https:\/\/rebelcompany.be\/wp-content\/uploads\/2025\/04\/VNU_M722_15.png\" \/>\n\t<meta property=\"og:image:width\" content=\"4681\" \/>\n\t<meta property=\"og:image:height\" content=\"3121\" \/>\n\t<meta property=\"og:image:type\" content=\"image\/png\" \/>\n<meta name=\"author\" content=\"R\u00e9mo\" \/>\n<meta name=\"twitter:card\" content=\"summary_large_image\" \/>\n<meta name=\"twitter:label1\" content=\"Written by\" \/>\n\t<meta name=\"twitter:data1\" content=\"R\u00e9mo\" \/>\n\t<meta name=\"twitter:label2\" content=\"Estimated reading time\" \/>\n\t<meta name=\"twitter:data2\" content=\"7 minutes\" \/>\n<script type=\"application\/ld+json\" class=\"yoast-schema-graph\">{\"@context\":\"https:\/\/schema.org\",\"@graph\":[{\"@type\":\"Article\",\"@id\":\"https:\/\/rebelcompany.be\/digitalisation-des-pme-entre-freins-doutes-et-opportunites\/#article\",\"isPartOf\":{\"@id\":\"https:\/\/rebelcompany.be\/digitalisation-des-pme-entre-freins-doutes-et-opportunites\/\"},\"author\":{\"name\":\"R\u00e9mo\",\"@id\":\"https:\/\/rebelcompany.be\/#\/schema\/person\/b64bb11e92f003e9fd1010ffe7706138\"},\"headline\":\"Digitalisation des PME : entre freins, doutes et opportunit\u00e9s\",\"datePublished\":\"2025-04-06T18:39:59+00:00\",\"dateModified\":\"2025-05-26T15:09:17+00:00\",\"mainEntityOfPage\":{\"@id\":\"https:\/\/rebelcompany.be\/digitalisation-des-pme-entre-freins-doutes-et-opportunites\/\"},\"wordCount\":1421,\"publisher\":{\"@id\":\"https:\/\/rebelcompany.be\/#organization\"},\"image\":{\"@id\":\"https:\/\/rebelcompany.be\/digitalisation-des-pme-entre-freins-doutes-et-opportunites\/#primaryimage\"},\"thumbnailUrl\":\"https:\/\/rebelcompany.be\/wp-content\/uploads\/2025\/04\/VNU_M722_15.png\",\"articleSection\":[\"Digitalisation\",\"PME\"],\"inLanguage\":\"en-GB\"},{\"@type\":\"WebPage\",\"@id\":\"https:\/\/rebelcompany.be\/digitalisation-des-pme-entre-freins-doutes-et-opportunites\/\",\"url\":\"https:\/\/rebelcompany.be\/digitalisation-des-pme-entre-freins-doutes-et-opportunites\/\",\"name\":\"Digitalisation des PME : entre freins, doutes et opportunit\u00e9s\",\"isPartOf\":{\"@id\":\"https:\/\/rebelcompany.be\/#website\"},\"primaryImageOfPage\":{\"@id\":\"https:\/\/rebelcompany.be\/digitalisation-des-pme-entre-freins-doutes-et-opportunites\/#primaryimage\"},\"image\":{\"@id\":\"https:\/\/rebelcompany.be\/digitalisation-des-pme-entre-freins-doutes-et-opportunites\/#primaryimage\"},\"thumbnailUrl\":\"https:\/\/rebelcompany.be\/wp-content\/uploads\/2025\/04\/VNU_M722_15.png\",\"datePublished\":\"2025-04-06T18:39:59+00:00\",\"dateModified\":\"2025-05-26T15:09:17+00:00\",\"description\":\"Trop de PME \u00e9chouent dans leur digitalisation par manque de strat\u00e9gie. D\u00e9couvrez nos conseils concrets pour r\u00e9ussir la v\u00f4tre.\",\"breadcrumb\":{\"@id\":\"https:\/\/rebelcompany.be\/digitalisation-des-pme-entre-freins-doutes-et-opportunites\/#breadcrumb\"},\"inLanguage\":\"en-GB\",\"potentialAction\":[{\"@type\":\"ReadAction\",\"target\":[\"https:\/\/rebelcompany.be\/digitalisation-des-pme-entre-freins-doutes-et-opportunites\/\"]}]},{\"@type\":\"ImageObject\",\"inLanguage\":\"en-GB\",\"@id\":\"https:\/\/rebelcompany.be\/digitalisation-des-pme-entre-freins-doutes-et-opportunites\/#primaryimage\",\"url\":\"https:\/\/rebelcompany.be\/wp-content\/uploads\/2025\/04\/VNU_M722_15.png\",\"contentUrl\":\"https:\/\/rebelcompany.be\/wp-content\/uploads\/2025\/04\/VNU_M722_15.png\",\"width\":4681,\"height\":3121,\"caption\":\"Illustration exploration web\"},{\"@type\":\"BreadcrumbList\",\"@id\":\"https:\/\/rebelcompany.be\/digitalisation-des-pme-entre-freins-doutes-et-opportunites\/#breadcrumb\",\"itemListElement\":[{\"@type\":\"ListItem\",\"position\":1,\"name\":\"Accueil\",\"item\":\"https:\/\/rebelcompany.be\/\"},{\"@type\":\"ListItem\",\"position\":2,\"name\":\"Digitalisation des PME : entre freins, doutes et opportunit\u00e9s\"}]},{\"@type\":\"WebSite\",\"@id\":\"https:\/\/rebelcompany.be\/#website\",\"url\":\"https:\/\/rebelcompany.be\/\",\"name\":\"Rebel Company\",\"description\":\"REINVENTING BELIEF\",\"publisher\":{\"@id\":\"https:\/\/rebelcompany.be\/#organization\"},\"alternateName\":\"Rebel\",\"potentialAction\":[{\"@type\":\"SearchAction\",\"target\":{\"@type\":\"EntryPoint\",\"urlTemplate\":\"https:\/\/rebelcompany.be\/?s={search_term_string}\"},\"query-input\":{\"@type\":\"PropertyValueSpecification\",\"valueRequired\":true,\"valueName\":\"search_term_string\"}}],\"inLanguage\":\"en-GB\"},{\"@type\":\"Organization\",\"@id\":\"https:\/\/rebelcompany.be\/#organization\",\"name\":\"Rebel Company\",\"url\":\"https:\/\/rebelcompany.be\/\",\"logo\":{\"@type\":\"ImageObject\",\"inLanguage\":\"en-GB\",\"@id\":\"https:\/\/rebelcompany.be\/#\/schema\/logo\/image\/\",\"url\":\"https:\/\/rebelcompany.be\/wp-content\/uploads\/2025\/01\/PNG-couleur-1.png\",\"contentUrl\":\"https:\/\/rebelcompany.be\/wp-content\/uploads\/2025\/01\/PNG-couleur-1.png\",\"width\":2637,\"height\":699,\"caption\":\"Rebel Company\"},\"image\":{\"@id\":\"https:\/\/rebelcompany.be\/#\/schema\/logo\/image\/\"},\"sameAs\":[\"https:\/\/www.facebook.com\/people\/Rebel-Company\/61565685296382\/\",\"https:\/\/www.instagram.com\/_rebelcompany\/\",\"https:\/\/www.linkedin.com\/company\/rebel-company-be\"]},{\"@type\":\"Person\",\"@id\":\"https:\/\/rebelcompany.be\/#\/schema\/person\/b64bb11e92f003e9fd1010ffe7706138\",\"name\":\"R\u00e9mo\",\"image\":{\"@type\":\"ImageObject\",\"inLanguage\":\"en-GB\",\"@id\":\"https:\/\/rebelcompany.be\/#\/schema\/person\/image\/\",\"url\":\"https:\/\/secure.gravatar.com\/avatar\/fe9745fbb69a4688e13d99cfcdc08f3470f1368e7d0b724b9f3e6f8630e03fee?s=96&d=mm&r=g\",\"contentUrl\":\"https:\/\/secure.gravatar.com\/avatar\/fe9745fbb69a4688e13d99cfcdc08f3470f1368e7d0b724b9f3e6f8630e03fee?s=96&d=mm&r=g\",\"caption\":\"R\u00e9mo\"},\"url\":\"https:\/\/rebelcompany.be\/en\/author\/remo\/\"}]}<\/script>\n<!-- \/ Yoast SEO plugin. -->","yoast_head_json":{"title":"Digitalisation des PME : entre freins, doutes et opportunit\u00e9s","description":"Trop de PME \u00e9chouent dans leur digitalisation par manque de strat\u00e9gie. D\u00e9couvrez nos conseils concrets pour r\u00e9ussir la v\u00f4tre.","robots":{"index":"index","follow":"follow","max-snippet":"max-snippet:-1","max-image-preview":"max-image-preview:large","max-video-preview":"max-video-preview:-1"},"canonical":"https:\/\/rebelcompany.be\/en\/digitalisation-des-pme-entre-freins-doutes-et-opportunites\/","og_locale":"en_GB","og_type":"article","og_title":"Digitalisation des PME : entre freins, doutes et opportunit\u00e9s","og_description":"Trop de PME \u00e9chouent dans leur digitalisation par manque de strat\u00e9gie. D\u00e9couvrez nos conseils concrets pour r\u00e9ussir la v\u00f4tre.","og_url":"https:\/\/rebelcompany.be\/en\/digitalisation-des-pme-entre-freins-doutes-et-opportunites\/","og_site_name":"Rebel Company","article_publisher":"https:\/\/www.facebook.com\/people\/Rebel-Company\/61565685296382\/","article_published_time":"2025-04-06T18:39:59+00:00","article_modified_time":"2025-05-26T15:09:17+00:00","og_image":[{"width":4681,"height":3121,"url":"https:\/\/rebelcompany.be\/wp-content\/uploads\/2025\/04\/VNU_M722_15.png","type":"image\/png"}],"author":"R\u00e9mo","twitter_card":"summary_large_image","twitter_misc":{"Written by":"R\u00e9mo","Estimated reading time":"7 minutes"},"schema":{"@context":"https:\/\/schema.org","@graph":[{"@type":"Article","@id":"https:\/\/rebelcompany.be\/digitalisation-des-pme-entre-freins-doutes-et-opportunites\/#article","isPartOf":{"@id":"https:\/\/rebelcompany.be\/digitalisation-des-pme-entre-freins-doutes-et-opportunites\/"},"author":{"name":"R\u00e9mo","@id":"https:\/\/rebelcompany.be\/#\/schema\/person\/b64bb11e92f003e9fd1010ffe7706138"},"headline":"Digitalisation des PME : entre freins, doutes et opportunit\u00e9s","datePublished":"2025-04-06T18:39:59+00:00","dateModified":"2025-05-26T15:09:17+00:00","mainEntityOfPage":{"@id":"https:\/\/rebelcompany.be\/digitalisation-des-pme-entre-freins-doutes-et-opportunites\/"},"wordCount":1421,"publisher":{"@id":"https:\/\/rebelcompany.be\/#organization"},"image":{"@id":"https:\/\/rebelcompany.be\/digitalisation-des-pme-entre-freins-doutes-et-opportunites\/#primaryimage"},"thumbnailUrl":"https:\/\/rebelcompany.be\/wp-content\/uploads\/2025\/04\/VNU_M722_15.png","articleSection":["Digitalisation","PME"],"inLanguage":"en-GB"},{"@type":"WebPage","@id":"https:\/\/rebelcompany.be\/digitalisation-des-pme-entre-freins-doutes-et-opportunites\/","url":"https:\/\/rebelcompany.be\/digitalisation-des-pme-entre-freins-doutes-et-opportunites\/","name":"Digitalisation des PME : entre freins, doutes et opportunit\u00e9s","isPartOf":{"@id":"https:\/\/rebelcompany.be\/#website"},"primaryImageOfPage":{"@id":"https:\/\/rebelcompany.be\/digitalisation-des-pme-entre-freins-doutes-et-opportunites\/#primaryimage"},"image":{"@id":"https:\/\/rebelcompany.be\/digitalisation-des-pme-entre-freins-doutes-et-opportunites\/#primaryimage"},"thumbnailUrl":"https:\/\/rebelcompany.be\/wp-content\/uploads\/2025\/04\/VNU_M722_15.png","datePublished":"2025-04-06T18:39:59+00:00","dateModified":"2025-05-26T15:09:17+00:00","description":"Trop de PME \u00e9chouent dans leur digitalisation par manque de strat\u00e9gie. D\u00e9couvrez nos conseils concrets pour r\u00e9ussir la v\u00f4tre.","breadcrumb":{"@id":"https:\/\/rebelcompany.be\/digitalisation-des-pme-entre-freins-doutes-et-opportunites\/#breadcrumb"},"inLanguage":"en-GB","potentialAction":[{"@type":"ReadAction","target":["https:\/\/rebelcompany.be\/digitalisation-des-pme-entre-freins-doutes-et-opportunites\/"]}]},{"@type":"ImageObject","inLanguage":"en-GB","@id":"https:\/\/rebelcompany.be\/digitalisation-des-pme-entre-freins-doutes-et-opportunites\/#primaryimage","url":"https:\/\/rebelcompany.be\/wp-content\/uploads\/2025\/04\/VNU_M722_15.png","contentUrl":"https:\/\/rebelcompany.be\/wp-content\/uploads\/2025\/04\/VNU_M722_15.png","width":4681,"height":3121,"caption":"Illustration exploration web"},{"@type":"BreadcrumbList","@id":"https:\/\/rebelcompany.be\/digitalisation-des-pme-entre-freins-doutes-et-opportunites\/#breadcrumb","itemListElement":[{"@type":"ListItem","position":1,"name":"Accueil","item":"https:\/\/rebelcompany.be\/"},{"@type":"ListItem","position":2,"name":"Digitalisation des PME : entre freins, doutes et opportunit\u00e9s"}]},{"@type":"WebSite","@id":"https:\/\/rebelcompany.be\/#website","url":"https:\/\/rebelcompany.be\/","name":"Rebel Company,","description":"REINVENTING BELIEF","publisher":{"@id":"https:\/\/rebelcompany.be\/#organization"},"alternateName":"Rebel","potentialAction":[{"@type":"SearchAction","target":{"@type":"EntryPoint","urlTemplate":"https:\/\/rebelcompany.be\/?s={search_term_string}"},"query-input":{"@type":"PropertyValueSpecification","valueRequired":true,"valueName":"search_term_string"}}],"inLanguage":"en-GB"},{"@type":"Organization","@id":"https:\/\/rebelcompany.be\/#organization","name":"Rebel Company,","url":"https:\/\/rebelcompany.be\/","logo":{"@type":"ImageObject","inLanguage":"en-GB","@id":"https:\/\/rebelcompany.be\/#\/schema\/logo\/image\/","url":"https:\/\/rebelcompany.be\/wp-content\/uploads\/2025\/01\/PNG-couleur-1.png","contentUrl":"https:\/\/rebelcompany.be\/wp-content\/uploads\/2025\/01\/PNG-couleur-1.png","width":2637,"height":699,"caption":"Rebel Company"},"image":{"@id":"https:\/\/rebelcompany.be\/#\/schema\/logo\/image\/"},"sameAs":["https:\/\/www.facebook.com\/people\/Rebel-Company\/61565685296382\/","https:\/\/www.instagram.com\/_rebelcompany\/","https:\/\/www.linkedin.com\/company\/rebel-company-be"]},{"@type":"Person","@id":"https:\/\/rebelcompany.be\/#\/schema\/person\/b64bb11e92f003e9fd1010ffe7706138","name":"R\u00e9mo","image":{"@type":"ImageObject","inLanguage":"en-GB","@id":"https:\/\/rebelcompany.be\/#\/schema\/person\/image\/","url":"https:\/\/secure.gravatar.com\/avatar\/fe9745fbb69a4688e13d99cfcdc08f3470f1368e7d0b724b9f3e6f8630e03fee?s=96&d=mm&r=g","contentUrl":"https:\/\/secure.gravatar.com\/avatar\/fe9745fbb69a4688e13d99cfcdc08f3470f1368e7d0b724b9f3e6f8630e03fee?s=96&d=mm&r=g","caption":"R\u00e9mo"},"url":"https:\/\/rebelcompany.be\/en\/author\/remo\/"}]}},"_links":{"self":[{"href":"https:\/\/rebelcompany.be\/en\/wp-json\/wp\/v2\/posts\/3678","targetHints":{"allow":["GET"]}}],"collection":[{"href":"https:\/\/rebelcompany.be\/en\/wp-json\/wp\/v2\/posts"}],"about":[{"href":"https:\/\/rebelcompany.be\/en\/wp-json\/wp\/v2\/types\/post"}],"author":[{"embeddable":true,"href":"https:\/\/rebelcompany.be\/en\/wp-json\/wp\/v2\/users\/4"}],"replies":[{"embeddable":true,"href":"https:\/\/rebelcompany.be\/en\/wp-json\/wp\/v2\/comments?post=3678"}],"version-history":[{"count":56,"href":"https:\/\/rebelcompany.be\/en\/wp-json\/wp\/v2\/posts\/3678\/revisions"}],"predecessor-version":[{"id":3900,"href":"https:\/\/rebelcompany.be\/en\/wp-json\/wp\/v2\/posts\/3678\/revisions\/3900"}],"wp:featuredmedia":[{"embeddable":true,"href":"https:\/\/rebelcompany.be\/en\/wp-json\/wp\/v2\/media\/3725"}],"wp:attachment":[{"href":"https:\/\/rebelcompany.be\/en\/wp-json\/wp\/v2\/media?parent=3678"}],"wp:term":[{"taxonomy":"category","embeddable":true,"href":"https:\/\/rebelcompany.be\/en\/wp-json\/wp\/v2\/categories?post=3678"},{"taxonomy":"post_tag","embeddable":true,"href":"https:\/\/rebelcompany.be\/en\/wp-json\/wp\/v2\/tags?post=3678"}],"curies":[{"name":"wp","href":"https:\/\/api.w.org\/{rel}","templated":true}]}}